{"id":551,"date":"2019-04-06T10:57:24","date_gmt":"2019-04-06T10:57:24","guid":{"rendered":"https:\/\/www.labor.com.pl\/?post_type=project&#038;p=551"},"modified":"2021-10-27T14:17:21","modified_gmt":"2021-10-27T14:17:21","slug":"calcineff-minerals-plus","status":"publish","type":"post","link":"https:\/\/www.labor.com.pl\/pl\/calcineff-minerals-plus\/","title":{"rendered":"Calcineff Minerals Plus"},"content":{"rendered":"<p>[et_pb_section fb_built=&#8221;1&#8243; custom_padding_last_edited=&#8221;on|tablet&#8221; next_background_color=&#8221;#ffffff&#8221; admin_label=&#8221;Hero&#8221; _builder_version=&#8221;3.22&#8243; use_background_color_gradient=&#8221;on&#8221; background_color_gradient_start=&#8221;rgba(255,255,255,0)&#8221; background_color_gradient_end=&#8221;rgba(1,77,183,0.9)&#8221; background_color_gradient_type=&#8221;radial&#8221; background_color_gradient_direction_radial=&#8221;top right&#8221; background_color_gradient_start_position=&#8221;20%&#8221; background_color_gradient_overlays_image=&#8221;on&#8221; background_image=&#8221;https:\/\/www.labor.com.pl\/wp-content\/uploads\/2019\/01\/Depositphotos_4767995_original.jpg&#8221; custom_padding=&#8221;110px|0px|160px|0px|false|false&#8221; custom_padding_tablet=&#8221;50px||50px||true&#8221; custom_padding_phone=&#8221;|||&#8221; bottom_divider_style=&#8221;asymmetric&#8221; bottom_divider_height=&#8221;50px&#8221; bottom_divider_flip=&#8221;horizontal&#8221; bottom_divider_height_tablet=&#8221;90px&#8221; bottom_divider_height_phone=&#8221;80px&#8221;][et_pb_row _builder_version=&#8221;3.25&#8243; custom_width_px=&#8221;1280px&#8221; column_structure=&#8221;2_3,1_3&#8243;][et_pb_column type=&#8221;2_3&#8243; _builder_version=&#8221;3.25&#8243; custom_padding=&#8221;|||&#8221; custom_padding__hover=&#8221;|||&#8221;][et_pb_text _builder_version=&#8221;3.19.15&#8243; text_font=&#8221;Montserrat||||||||&#8221; text_text_color=&#8221;rgba(255,255,255,0.7)&#8221; text_font_size=&#8221;20px&#8221; text_line_height=&#8221;1.8em&#8221; header_font=&#8221;Montserrat|700|||||||&#8221; header_font_size=&#8221;44px&#8221; header_line_height=&#8221;1.4em&#8221; header_6_font=&#8221;Montserrat|600||on|||||&#8221; header_6_text_color=&#8221;rgba(255,255,255,0.7)&#8221; header_6_font_size=&#8221;16px&#8221; header_6_letter_spacing=&#8221;2px&#8221; header_6_line_height=&#8221;1.5em&#8221; background_layout=&#8221;dark&#8221; max_width=&#8221;780px&#8221; text_font_size_phone=&#8221;15px&#8221; text_font_size_last_edited=&#8221;on|phone&#8221; header_font_size_phone=&#8221;28px&#8221; header_font_size_last_edited=&#8221;on|phone&#8221;]<\/p>\n<h6>\u00a0<\/h6>\n<h1>Calcineff Minerals Plus<\/h1>\n<p>suplement diety<\/p>\n<p>[\/et_pb_text][\/et_pb_column][et_pb_column type=&#8221;1_3&#8243; _builder_version=&#8221;3.25&#8243; custom_padding=&#8221;|||&#8221; custom_padding__hover=&#8221;|||&#8221;][\/et_pb_column][\/et_pb_row][\/et_pb_section][et_pb_section fb_built=&#8221;1&#8243; specialty=&#8221;on&#8221; module_class=&#8221; et_pb_specialty_fullwidth&#8221; _builder_version=&#8221;3.22&#8243; inner_width=&#8221;89%&#8221; inner_width_tablet=&#8221;80%&#8221; inner_width_last_edited=&#8221;on|desktop&#8221; inner_max_width=&#8221;89%&#8221; inner_max_width_tablet=&#8221;80%&#8221; inner_max_width_last_edited=&#8221;on|desktop&#8221; make_fullwidth=&#8221;on&#8221;][et_pb_column type=&#8221;1_4&#8243; _builder_version=&#8221;3.25&#8243; custom_padding=&#8221;|||&#8221; custom_padding__hover=&#8221;|||&#8221;][et_pb_sidebar area=&#8221;et_pb_widget_area_1&#8243; _builder_version=&#8221;3.19.9&#8243;][\/et_pb_sidebar][\/et_pb_column][et_pb_column type=&#8221;3_4&#8243; specialty_columns=&#8221;3&#8243; _builder_version=&#8221;3.25&#8243; custom_padding=&#8221;|||&#8221; custom_padding__hover=&#8221;|||&#8221;][et_pb_row_inner _builder_version=&#8221;3.25&#8243; column_structure=&#8221;1_2,1_2&#8243;][et_pb_column_inner type=&#8221;1_2&#8243; saved_specialty_column_type=&#8221;3_4&#8243; _builder_version=&#8221;3.25&#8243; custom_padding=&#8221;|||&#8221; custom_padding__hover=&#8221;|||&#8221;][et_pb_text _builder_version=&#8221;3.26.3&#8243; header_2_text_color=&#8221;#0c71c3&#8243; header_2_line_height=&#8221;1.3em&#8221; header_3_text_color=&#8221;#0c71c3&#8243; header_3_line_height=&#8221;1.3em&#8221; animation_style=&#8221;fold&#8221;]<\/p>\n<div class=\"lbr-project-link-container\"><a href=\"https:\/\/www.labor.com.pl\/pl\/calcineff\/\" class=\"lbr-projects-link\"> Calcineff<\/a>|<br \/> <a href=\"https:\/\/www.labor.com.pl\/pl\/calcineff-minerals\/\" class=\"lbr-projects-link\">Calcineff Minerals<\/a>|<br \/> <a href=\"https:\/\/www.labor.com.pl\/pl\/calcineff-d3-k2\/\" class=\"lbr-projects-link\">Calcineff D3 K2<\/a>|<br \/> <a href=\"#\" style=\"color: gray;\" onclick=\"return false;\" class=\"lbr-projects-link\">Calcineff Minerals Plus<br \/> <\/a><\/div>\n<h2>Calcineff Minerals Plus<\/h2>\n<h3>Suplement diety<\/h3>\n<p><strong>Je\u015bli niezb\u0119dne jest kompleksowe zadbanie o zdrowe ko\u015bci, z\u0119by, mi\u0119\u015bnie i nerwy<\/strong><\/p>\n<ul>\n<li>Zbilansowany kompleks 9 witamin i minera\u0142\u00f3w.<\/li>\n<li>Smak mi\u0119towy.<\/li>\n<li>Oryginalna posta\u0107 ? tabletki do \u017cucia<\/li>\n<li>Nie zawiera laktozy, t\u0142uszczu, soli, barwnik\u00f3w ani sztucznych konserwant\u00f3w<\/li>\n<li>Dla dzieci od 4 roku \u017cycia<\/li>\n<\/ul>\n<p><strong>Sk\u0142adniki:<\/strong>\u00a0W\u0119glan wapnia; substancja wype\u0142niaj\u0105ca: izomalt; tlenek magnezu; substancje wype\u0142niaj\u0105ce: celuloza mikrokrystaliczna, skrobia kukurydziana, poliwinylopirolidon; substancja przeciwzbrylaj\u0105ca: sole magnezowe kwas\u00f3w t\u0142uszczowych; VitaCaB (mieszanina askorbinianu wapnia i organicznego boru); substancja przeciwzbrylaj\u0105ca: kwasy t\u0142uszczowe; aromat cytrynowy; tlenek cynku; L-selenometionina; substancja s\u0142odz\u0105ca: sukraloza; siarczan manganu; olejek mi\u0119towy; cholekalcyferol (witamina D3); menachinon (witamina K2).<\/p>\n<p>&nbsp;<\/p>\n<table>\n<tbody>\n<tr>\n<td width=\"202\">Sk\u0142adnik od\u017cywczy<\/td>\n<td width=\"202\">\n<p>&nbsp;<\/p>\n<p>1 tabletka<\/p>\n<p>&nbsp;<\/p>\n<\/td>\n<\/tr>\n<tr>\n<td width=\"202\">Wap\u0144<\/td>\n<td width=\"202\">400 mg<\/td>\n<\/tr>\n<tr>\n<td width=\"202\">Magnez<\/td>\n<td width=\"202\">150 mg<\/td>\n<\/tr>\n<tr>\n<td width=\"202\">Cynk<\/td>\n<td width=\"202\">5 mg<\/td>\n<\/tr>\n<tr>\n<td width=\"202\">Witamina D3<\/td>\n<td width=\"202\">50 ?g (2000 IU)<\/td>\n<\/tr>\n<tr>\n<td width=\"202\">Mangan<\/td>\n<td width=\"202\">1 mg<\/td>\n<\/tr>\n<tr>\n<td width=\"202\">Witamina K2<\/td>\n<td width=\"202\">22,5 ?g<\/td>\n<\/tr>\n<tr>\n<td width=\"202\">Witamina C<\/td>\n<td width=\"202\">9,3 mg<\/td>\n<\/tr>\n<tr>\n<td width=\"202\">Selen<\/td>\n<td width=\"202\">25 ?g<\/td>\n<\/tr>\n<tr>\n<td width=\"202\">Bor**<\/td>\n<td width=\"202\">1 mg<\/td>\n<\/tr>\n<\/tbody>\n<\/table>\n<p>**1.5-10 mg\/dob\u0119 &#8211; poziom akceptowany przez EFSA<\/p>\n<p><a href=\"https:\/\/www.labor.com.pl\/wp-content\/uploads\/2019\/04\/CALCINEFF_ulotka_reklamowa-zbiorcza-.pdf\"><strong>POBIERZ ULOTK\u0118 REKLAMOW\u0104<\/strong><\/a><\/p>\n<p>[\/et_pb_text][\/et_pb_column_inner][et_pb_column_inner type=&#8221;1_2&#8243; saved_specialty_column_type=&#8221;3_4&#8243; _builder_version=&#8221;3.25&#8243; custom_padding=&#8221;|||&#8221; custom_padding__hover=&#8221;|||&#8221;][et_pb_image src=&#8221;https:\/\/www.labor.com.pl\/wp-content\/uploads\/2019\/04\/Calcineff-Min.png&#8221; align_tablet=&#8221;center&#8221; align_last_edited=&#8221;on|desktop&#8221; _builder_version=&#8221;3.23&#8243; border_width_all=&#8221;1px&#8221; border_color_all=&#8221;#0c71c3&#8243; box_shadow_style=&#8221;preset2&#8243; box_shadow_horizontal=&#8221;15px&#8221; box_shadow_vertical=&#8221;15px&#8221; box_shadow_color=&#8221;rgba(12,113,195,0.3)&#8221; animation_style=&#8221;zoom&#8221;][\/et_pb_image][\/et_pb_column_inner][\/et_pb_row_inner][et_pb_row_inner use_custom_gutter=&#8221;on&#8221; gutter_width=&#8221;2&#8243; make_equal=&#8221;on&#8221; module_class=&#8221;align-bottom-column&#8221; _builder_version=&#8221;3.25&#8243; column_structure=&#8221;1_3,1_3,1_3&#8243;][et_pb_column_inner type=&#8221;1_3&#8243; saved_specialty_column_type=&#8221;3_4&#8243; _builder_version=&#8221;3.25&#8243; background_color=&#8221;#0c71c3&#8243; use_background_color_gradient=&#8221;on&#8221; background_color_gradient_start=&#8221;rgba(138,182,247,0.3)&#8221; background_color_gradient_end=&#8221;#6ca4f7&#8243; background_color_gradient_overlays_image=&#8221;on&#8221; custom_padding=&#8221;|||&#8221; custom_padding__hover=&#8221;|||&#8221;][et_pb_blurb title=&#8221;W\u0142a\u015bciwo\u015bci i zastosowanie:&#8221; url=&#8221;#&#8221; use_icon=&#8221;on&#8221; font_icon=&#8221;%%277%%&#8221; icon_color=&#8221;#ffffff&#8221; use_circle=&#8221;on&#8221; circle_color=&#8221;rgba(1,77,183,0.9)&#8221; use_circle_border=&#8221;on&#8221; circle_border_color=&#8221;rgba(12,7,8,0)&#8221; use_icon_font_size=&#8221;on&#8221; icon_font_size=&#8221;20px&#8221; _builder_version=&#8221;3.19.15&#8243; header_font=&#8221;Montserrat|600|||||||&#8221; header_text_color=&#8221;rgba(1,77,183,0.9)&#8221; header_line_height=&#8221;1.5em&#8221; body_font=&#8221;Montserrat||||||||&#8221; body_font_size=&#8221;16px&#8221; body_line_height=&#8221;2em&#8221; border_radii=&#8221;on|6px|6px|6px|6px&#8221; text_orientation=&#8221;center&#8221; background_layout=&#8221;dark&#8221; custom_margin=&#8221;|||&#8221; custom_margin_tablet=&#8221;||30px|&#8221; custom_margin_phone=&#8221;|||&#8221; custom_margin_last_edited=&#8221;off|desktop&#8221; custom_padding=&#8221;50px|20px|50px|20px|true|true&#8221; custom_padding_last_edited=&#8221;off|desktop&#8221; animation_style=&#8221;fold&#8221; animation_intensity_fold=&#8221;30%&#8221; animation=&#8221;off&#8221; locked=&#8221;off&#8221;]<\/p>\n<ul>\n<li><strong>Calcineff Minerals Plus<\/strong>\u00a0to zbilansowana formu\u0142a polecana szczeg\u00f3lnie osobom dbaj\u0105cym o utrzymanie zdrowych ko\u015bci i z\u0119b\u00f3w oraz o prawid\u0142owe funkcjonowanie mi\u0119\u015bni i uk\u0142adu nerwowego.<\/li>\n<\/ul>\n<p>[\/et_pb_blurb][\/et_pb_column_inner][et_pb_column_inner type=&#8221;1_3&#8243; saved_specialty_column_type=&#8221;3_4&#8243; _builder_version=&#8221;3.25&#8243; background_color=&#8221;rgba(201,62,134,0.53)&#8221; use_background_color_gradient=&#8221;on&#8221; background_color_gradient_start=&#8221;rgba(249,192,203,0.3)&#8221; background_color_gradient_end=&#8221;#f9a4b5&#8243; background_color_gradient_overlays_image=&#8221;on&#8221; custom_padding=&#8221;|||&#8221; custom_padding__hover=&#8221;|||&#8221;][et_pb_blurb title=&#8221;Spos\u00f3b u\u017cycia:&#8221; use_icon=&#8221;on&#8221; font_icon=&#8221;%%217%%&#8221; icon_color=&#8221;#ffffff&#8221; use_circle=&#8221;on&#8221; circle_color=&#8221;#fa546d&#8221; use_circle_border=&#8221;on&#8221; circle_border_color=&#8221;rgba(12,7,8,0)&#8221; use_icon_font_size=&#8221;on&#8221; icon_font_size=&#8221;20px&#8221; _builder_version=&#8221;3.19.15&#8243; header_font=&#8221;Montserrat|600|||||||&#8221; header_text_color=&#8221;#fa546d&#8221; header_line_height=&#8221;1.5em&#8221; body_font=&#8221;Montserrat||||||||&#8221; body_font_size=&#8221;16px&#8221; body_line_height=&#8221;2em&#8221; border_radii=&#8221;on|6px|6px|6px|6px&#8221; text_orientation=&#8221;center&#8221; background_layout=&#8221;dark&#8221; custom_margin=&#8221;|||&#8221; custom_margin_tablet=&#8221;||30px|&#8221; custom_margin_phone=&#8221;|||&#8221; custom_margin_last_edited=&#8221;off|desktop&#8221; custom_padding=&#8221;50px|20px|50px|20px|true|true&#8221; custom_padding_last_edited=&#8221;off|desktop&#8221; animation_style=&#8221;fold&#8221; animation_delay=&#8221;150ms&#8221; animation_intensity_fold=&#8221;30%&#8221; animation=&#8221;off&#8221; locked=&#8221;off&#8221;]<\/p>\n<ul>\n<li>Dzieci w wieku 4 ? 12 lat: 1 tabletka dziennie. Doro\u015bli i dzieci w wieku powy\u017cej 12 lat: 1 tabletka 2 razy dziennie.W przypadku dzieci wskazana jest konsultacja z pediatr\u0105 w celu dostosowania dawki. \u00a0<\/li>\n<li><strong>Ostrze\u017cenia:\u00a0<\/strong>Nie nale\u017cy przekracza\u0107 zalecanej porcji do spo\u017cycia w ci\u0105gu dnia. Nie podawa\u0107 osobom z hiperkalcemi\u0105.<\/li>\n<\/ul>\n<p>[\/et_pb_blurb][\/et_pb_column_inner][et_pb_column_inner type=&#8221;1_3&#8243; saved_specialty_column_type=&#8221;3_4&#8243; _builder_version=&#8221;3.25&#8243; background_color=&#8221;rgba(224,153,0,0.52)&#8221; use_background_color_gradient=&#8221;on&#8221; background_color_gradient_start=&#8221;rgba(252,204,136,0.3)&#8221; background_color_gradient_end=&#8221;#fccc88&#8243; background_color_gradient_overlays_image=&#8221;on&#8221; custom_padding=&#8221;|||&#8221; custom_padding__hover=&#8221;|||&#8221;][et_pb_blurb title=&#8221;Opakowanie&#8221; use_icon=&#8221;on&#8221; font_icon=&#8221;%%274%%&#8221; icon_color=&#8221;#ffffff&#8221; use_circle=&#8221;on&#8221; circle_color=&#8221;#ff9900&#8243; use_circle_border=&#8221;on&#8221; circle_border_color=&#8221;rgba(12,7,8,0)&#8221; use_icon_font_size=&#8221;on&#8221; icon_font_size=&#8221;20px&#8221; _builder_version=&#8221;3.19.15&#8243; header_font=&#8221;Montserrat|600|||||||&#8221; header_text_color=&#8221;#ff9900&#8243; header_line_height=&#8221;1.5em&#8221; body_font=&#8221;Montserrat||||||||&#8221; body_font_size=&#8221;16px&#8221; body_line_height=&#8221;2em&#8221; border_radii=&#8221;on|6px|6px|6px|6px&#8221; text_orientation=&#8221;center&#8221; background_layout=&#8221;dark&#8221; custom_margin=&#8221;|||&#8221; custom_margin_tablet=&#8221;||30px|&#8221; custom_margin_phone=&#8221;|||&#8221; custom_margin_last_edited=&#8221;off|desktop&#8221; custom_padding=&#8221;50px|20px|50px|20px|true|true&#8221; custom_padding_last_edited=&#8221;off|desktop&#8221; animation_style=&#8221;fold&#8221; animation_delay=&#8221;300ms&#8221; animation_intensity_fold=&#8221;30%&#8221; animation=&#8221;off&#8221; locked=&#8221;off&#8221;]<\/p>\n<ul>\n<li>20 tabletek do \u017cucia<\/li>\n<li>Nie zawiera glutenu, laktozy, t\u0142uszczu, soli, barwnik\u00f3w oraz konserwant\u00f3w.<\/li>\n<\/ul>\n<p>[\/et_pb_blurb][\/et_pb_column_inner][\/et_pb_row_inner][et_pb_row_inner use_custom_gutter=&#8221;on&#8221; gutter_width=&#8221;2&#8243; make_equal=&#8221;on&#8221; _builder_version=&#8221;3.25&#8243; column_structure=&#8221;1_2,1_2&#8243;][et_pb_column_inner type=&#8221;1_2&#8243; saved_specialty_column_type=&#8221;3_4&#8243; _builder_version=&#8221;3.25&#8243; custom_padding=&#8221;|||&#8221; custom_padding__hover=&#8221;|||&#8221;][et_pb_blurb url=&#8221;#&#8221; use_icon=&#8221;on&#8221; font_icon=&#8221;%%26%%&#8221; icon_color=&#8221;#ffffff&#8221; use_circle=&#8221;on&#8221; circle_color=&#8221;rgba(1,77,183,0.9)&#8221; use_circle_border=&#8221;on&#8221; circle_border_color=&#8221;rgba(12,7,8,0)&#8221; use_icon_font_size=&#8221;on&#8221; icon_font_size=&#8221;25px&#8221; _builder_version=&#8221;3.19.15&#8243; header_font=&#8221;Montserrat|600|||||||&#8221; header_text_color=&#8221;rgba(1,77,183,0.9)&#8221; header_line_height=&#8221;1.5em&#8221; body_font=&#8221;Montserrat||||||||&#8221; body_font_size=&#8221;16px&#8221; body_line_height=&#8221;2em&#8221; background_color=&#8221;#8c3693&#8243; use_background_color_gradient=&#8221;on&#8221; background_color_gradient_start=&#8221;rgba(138,182,247,0.3)&#8221; background_color_gradient_end=&#8221;#8191e8&#8243; background_color_gradient_end_position=&#8221;56%&#8221; background_color_gradient_overlays_image=&#8221;on&#8221; border_radii=&#8221;on|6px|6px|6px|6px&#8221; text_orientation=&#8221;center&#8221; background_layout=&#8221;dark&#8221; custom_margin=&#8221;|||&#8221; custom_margin_tablet=&#8221;||30px|&#8221; custom_margin_phone=&#8221;|||&#8221; custom_margin_last_edited=&#8221;off|desktop&#8221; custom_padding=&#8221;50px|20px|50px|20px|true|true&#8221; custom_padding_last_edited=&#8221;off|desktop&#8221; animation_style=&#8221;fold&#8221; animation_intensity_fold=&#8221;30%&#8221; animation=&#8221;off&#8221;]<\/p>\n<p>Nie nale\u017cy przekracza\u0107 zalecanej porcji do spo\u017cycia w ci\u0105gu dnia. Suplement diety nie mo\u017ce by\u0107 stosowany jako substytut (zamiennik) zr\u00f3\u017cnicowanej diety i zdrowego trybu \u017cycia. Wa\u017cne jest stosowanie zr\u00f3\u017cnicowanej diety oraz prowadzenie zdrowego trybu \u017cycia.<\/p>\n<\/p>\n<p>[\/et_pb_blurb][\/et_pb_column_inner][et_pb_column_inner type=&#8221;1_2&#8243; saved_specialty_column_type=&#8221;3_4&#8243; _builder_version=&#8221;3.25&#8243; custom_padding=&#8221;|||&#8221; custom_padding__hover=&#8221;|||&#8221;][et_pb_video src=&#8221;https:\/\/www.youtube.com\/watch?v=pETV6QmzK3o&#8221; _builder_version=&#8221;3.19.9&#8243;][\/et_pb_video][\/et_pb_column_inner][\/et_pb_row_inner][\/et_pb_column][\/et_pb_section]<\/p>\n","protected":false},"excerpt":{"rendered":"<p>[et_pb_section fb_built=&#8221;1&#8243; custom_padding_last_edited=&#8221;on|tablet&#8221; next_background_color=&#8221;#ffffff&#8221; admin_label=&#8221;Hero&#8221; _builder_version=&#8221;3.22&#8243; use_background_color_gradient=&#8221;on&#8221; background_color_gradient_start=&#8221;rgba(255,255,255,0)&#8221; background_color_gradient_end=&#8221;rgba(1,77,183,0.9)&#8221; background_color_gradient_type=&#8221;radial&#8221; background_color_gradient_direction_radial=&#8221;top right&#8221; background_color_gradient_start_position=&#8221;20%&#8221; background_color_gradient_overlays_image=&#8221;on&#8221; background_image=&#8221;https:\/\/www.labor.com.pl\/wp-content\/uploads\/2019\/01\/Depositphotos_4767995_original.jpg&#8221; custom_padding=&#8221;110px|0px|160px|0px|false|false&#8221; custom_padding_tablet=&#8221;50px||50px||true&#8221; custom_padding_phone=&#8221;|||&#8221; bottom_divider_style=&#8221;asymmetric&#8221; bottom_divider_height=&#8221;50px&#8221; bottom_divider_flip=&#8221;horizontal&#8221; bottom_divider_height_tablet=&#8221;90px&#8221; bottom_divider_height_phone=&#8221;80px&#8221;][et_pb_row _builder_version=&#8221;3.25&#8243; custom_width_px=&#8221;1280px&#8221; column_structure=&#8221;2_3,1_3&#8243;][et_pb_column type=&#8221;2_3&#8243; _builder_version=&#8221;3.25&#8243; custom_padding=&#8221;|||&#8221; custom_padding__hover=&#8221;|||&#8221;][et_pb_text _builder_version=&#8221;3.19.15&#8243; text_font=&#8221;Montserrat||||||||&#8221; text_text_color=&#8221;rgba(255,255,255,0.7)&#8221; text_font_size=&#8221;20px&#8221; text_line_height=&#8221;1.8em&#8221; header_font=&#8221;Montserrat|700|||||||&#8221; header_font_size=&#8221;44px&#8221; header_line_height=&#8221;1.4em&#8221; header_6_font=&#8221;Montserrat|600||on|||||&#8221; header_6_text_color=&#8221;rgba(255,255,255,0.7)&#8221; header_6_font_size=&#8221;16px&#8221; header_6_letter_spacing=&#8221;2px&#8221; header_6_line_height=&#8221;1.5em&#8221; background_layout=&#8221;dark&#8221; max_width=&#8221;780px&#8221; text_font_size_phone=&#8221;15px&#8221; text_font_size_last_edited=&#8221;on|phone&#8221; header_font_size_phone=&#8221;28px&#8221; header_font_size_last_edited=&#8221;on|phone&#8221;] \u00a0 Calcineff Minerals Plus suplement diety [&hellip;]<\/p>\n","protected":false},"author":1,"featured_media":3547,"comment_status":"open","ping_status":"closed","sticky":false,"template":"","format":"standard","meta":{"_et_pb_use_builder":"on","_et_pb_old_content":""},"categories":[101,98],"tags":[341,478,586,585,342,476,503,485,158,201,346,588,587,500,501,499,35,33,36],"_links":{"self":[{"href":"https:\/\/www.labor.com.pl\/pl\/wp-json\/wp\/v2\/posts\/551"}],"collection":[{"href":"https:\/\/www.labor.com.pl\/pl\/wp-json\/wp\/v2\/posts"}],"about":[{"href":"https:\/\/www.labor.com.pl\/pl\/wp-json\/wp\/v2\/types\/post"}],"author":[{"embeddable":true,"href":"https:\/\/www.labor.com.pl\/pl\/wp-json\/wp\/v2\/users\/1"}],"replies":[{"embeddable":true,"href":"https:\/\/www.labor.com.pl\/pl\/wp-json\/wp\/v2\/comments?post=551"}],"version-history":[{"count":2,"href":"https:\/\/www.labor.com.pl\/pl\/wp-json\/wp\/v2\/posts\/551\/revisions"}],"predecessor-version":[{"id":1809,"href":"https:\/\/www.labor.com.pl\/pl\/wp-json\/wp\/v2\/posts\/551\/revisions\/1809"}],"wp:featuredmedia":[{"embeddable":true,"href":"https:\/\/www.labor.com.pl\/pl\/wp-json\/wp\/v2\/media\/3547"}],"wp:attachment":[{"href":"https:\/\/www.labor.com.pl\/pl\/wp-json\/wp\/v2\/media?parent=551"}],"wp:term":[{"taxonomy":"category","embeddable":true,"href":"https:\/\/www.labor.com.pl\/pl\/wp-json\/wp\/v2\/categories?post=551"},{"taxonomy":"post_tag","embeddable":true,"href":"https:\/\/www.labor.com.pl\/pl\/wp-json\/wp\/v2\/tags?post=551"}],"curies":[{"name":"wp","href":"https:\/\/api.w.org\/{rel}","templated":true}]}}